{"id":973,"date":"2017-06-16T19:36:53","date_gmt":"2017-06-16T17:36:53","guid":{"rendered":"http:\/\/www.elpuenterojo.es\/?p=973"},"modified":"2017-06-16T19:36:53","modified_gmt":"2017-06-16T17:36:53","slug":"verano-1993-el-ejercicio-intimo-de-revivir-la-infancia","status":"publish","type":"post","link":"https:\/\/www.elpuenterojo.es\/index.php\/2017\/06\/16\/verano-1993-el-ejercicio-intimo-de-revivir-la-infancia\/","title":{"rendered":"Verano 1993: el ejercicio \u00edntimo de revivir la infancia"},"content":{"rendered":"<p>Con frecuencia solo los cineastas consagrados tienen el privilegio de investigar en sus pel\u00edculas su propio mundo interior, de mostrar en im\u00e1genes la intimidad, los para\u00edsos dormidos, ese universo personal que cada cual descubre anidando en las neuronas cuando trata de encontrar sus se\u00f1as de identidad, y que siempre nos remonta a la infancia. Cuando el ejercicio nace de una joven cineasta, antes desconocida, con toda una vida por delante para adquirir madurez, observo en algunos un cierto recelo, un extra\u00f1o desconcierto al visionar un film que previamente ha pasado y triunfado por todo lo alto en festivales (Berl\u00edn y M\u00e1laga) y que tras tan p\u00fablica expectativa, secundada por la cr\u00edtica, se somete al crucial enfrentamiento con el p\u00fablico que <em>paga la butaca<\/em> en las salas; y la pel\u00edcula resulta no ya peque\u00f1a (todo lo contrario, es inmensa) ni vac\u00eda (todo lo contrario, es plena en sus transparencias) sino aparentemente insignificante, porque reh\u00faye las argucias del cine convencional y porque proyecta una mirada l\u00facida en el desatendido mundo de la infancia. Es valiente y generosa Carla Sim\u00f3n al dejarnos entrar en su intimidad para conmovernos con esa historia tan cristalina y sin ambages que encierra un mundo de cosas peque\u00f1as pero esenciales, tantas veces menospreciadas desde la adultez como \u201c<em>cosas de ni\u00f1os<\/em>\u201d, infravaloradas porque no todos aprecian la enorme trascendencia que para cada ser humano tiene la infancia propia. Esta vez ese doble ejercicio personal y cinematogr\u00e1fico resulta conmovedor.<\/p>\n<p style=\"text-align: center;\"><a href=\"https:\/\/www.elpuenterojo.es\/wp-content\/uploads\/2017\/06\/Verano-1993.pdf\" target=\"_blank\" rel=\"noopener\">DESCARGAR ART\u00cdCULO COMPLETO EN PDF\u00a0<\/a><\/p>\n<p><img loading=\"lazy\" decoding=\"async\" class=\" wp-image-583 aligncenter\" src=\"https:\/\/www.elpuenterojo.es\/wp-content\/uploads\/2017\/01\/ojo-spoiler-copiar.jpg\" alt=\"\" width=\"50\" height=\"44\" \/><\/p>\n","protected":false},"excerpt":{"rendered":"<p>Es valiente y generosa Carla Sim\u00f3n al dejarnos entrar en su intimidad para conmovernos con esa historia tan cristalina y sin ambages que encierra un mundo de cosas peque\u00f1as, pero esenciales&#8230;.<\/p>\n","protected":false},"author":2,"featured_media":974,"comment_status":"open","ping_status":"closed","sticky":false,"template":"","format":"standard","meta":{"footnotes":""},"categories":[4],"tags":[126,167,91,166],"class_list":["post-973","post","type-post","status-publish","format-standard","has-post-thumbnail","hentry","category-analisis","tag-analisis-del-film","tag-carla-simon","tag-cine-espanol","tag-verano-1993"],"_links":{"self":[{"href":"https:\/\/www.elpuenterojo.es\/index.php\/wp-json\/wp\/v2\/posts\/973","targetHints":{"allow":["GET"]}}],"collection":[{"href":"https:\/\/www.elpuenterojo.es\/index.php\/wp-json\/wp\/v2\/posts"}],"about":[{"href":"https:\/\/www.elpuenterojo.es\/index.php\/wp-json\/wp\/v2\/types\/post"}],"author":[{"embeddable":true,"href":"https:\/\/www.elpuenterojo.es\/index.php\/wp-json\/wp\/v2\/users\/2"}],"replies":[{"embeddable":true,"href":"https:\/\/www.elpuenterojo.es\/index.php\/wp-json\/wp\/v2\/comments?post=973"}],"version-history":[{"count":1,"href":"https:\/\/www.elpuenterojo.es\/index.php\/wp-json\/wp\/v2\/posts\/973\/revisions"}],"predecessor-version":[{"id":976,"href":"https:\/\/www.elpuenterojo.es\/index.php\/wp-json\/wp\/v2\/posts\/973\/revisions\/976"}],"wp:featuredmedia":[{"embeddable":true,"href":"https:\/\/www.elpuenterojo.es\/index.php\/wp-json\/wp\/v2\/media\/974"}],"wp:attachment":[{"href":"https:\/\/www.elpuenterojo.es\/index.php\/wp-json\/wp\/v2\/media?parent=973"}],"wp:term":[{"taxonomy":"category","embeddable":true,"href":"https:\/\/www.elpuenterojo.es\/index.php\/wp-json\/wp\/v2\/categories?post=973"},{"taxonomy":"post_tag","embeddable":true,"href":"https:\/\/www.elpuenterojo.es\/index.php\/wp-json\/wp\/v2\/tags?post=973"}],"curies":[{"name":"wp","href":"https:\/\/api.w.org\/{rel}","templated":true}]}}