{"id":969,"date":"2018-06-15T16:33:51","date_gmt":"2018-06-15T14:33:51","guid":{"rendered":"http:\/\/www.elpuenterojo.es\/?p=969"},"modified":"2025-09-26T12:43:27","modified_gmt":"2025-09-26T10:43:27","slug":"i-am-not-your-negro-el-testimonio-de-james-baldwin","status":"publish","type":"post","link":"https:\/\/www.elpuenterojo.es\/index.php\/2018\/06\/15\/i-am-not-your-negro-el-testimonio-de-james-baldwin\/","title":{"rendered":"I am not your negro, el testimonio de James Baldwin"},"content":{"rendered":"<p>En el mes de junio del a\u00f1o 1979, el c\u00e9lebre escritor y activista en favor de los derechos de los afroamericanos, James Baldwin, se comprometi\u00f3 con su editor en una dif\u00edcil tarea: contar su historia sobre la lucha racial en los Estados Unidos a trav\u00e9s de las vidas y los testimonios de tres de sus amigos que murieron asesinados: Medgar Evers, Martin Luther King Jr y Malcolm X. Aunque Baldwin no pas\u00f3 de las treinta p\u00e1ginas (<em>Remember this House<\/em>), sus intenciones quedaron bien reflejadas. Varias d\u00e9cadas despu\u00e9s han servido al cineasta haitiano Raoul Peck para complementarlas con el impresionante material documental recopilado en los 93 minutos de <em>I am your negro, <\/em>digna actualizaci\u00f3n de un tema que, pese al mucho terreno recorrido, mantiene en alerta todas las reivindicaciones. Pero sobre todo, contribuye a la reconstrucci\u00f3n del pensamiento y la lucha que cost\u00f3 la vida a sus protagonistas, a trav\u00e9s del testimonio directo y conmovedor de James Baldwin, quien tambi\u00e9n falleci\u00f3 prematuramente, sin culminar su tarea.<\/p>\n<p style=\"text-align: center;\"><a href=\"https:\/\/www.elpuenterojo.es\/wp-content\/uploads\/2017\/06\/I-am-not-your-negro.pdf\" target=\"_blank\" rel=\"noopener noreferrer\">DESCARGAR EL ART\u00cdCULO COMPLETO EN PDF<\/a><\/p>\n<p style=\"text-align: center;\"><img loading=\"lazy\" decoding=\"async\" class=\"alignnone wp-image-583\" src=\"https:\/\/www.elpuenterojo.es\/wp-content\/uploads\/2017\/01\/ojo-spoiler-copiar.jpg\" alt=\"\" width=\"84\" height=\"73\" \/><\/p>\n<h6 style=\"text-align: center;\">Se recuerda que el an\u00e1lisis del film puede develar aspectos relevantes de su argumento<\/h6>\n","protected":false},"excerpt":{"rendered":"<p>No soy tu negro, documental de Raoul Peck (2016) sobre el movimiento afroamericano y la lucha por los derechos raciales&#8230;<\/p>\n","protected":false},"author":2,"featured_media":970,"comment_status":"closed","ping_status":"closed","sticky":false,"template":"","format":"standard","meta":{"footnotes":""},"categories":[4],"tags":[126,9,158,161,164,163,162,159,165,160],"class_list":["post-969","post","type-post","status-publish","format-standard","has-post-thumbnail","hentry","category-analisis","tag-analisis-del-film","tag-cine-por-la-paz","tag-i-am-not-your-negro","tag-james-baldwin","tag-malcolm-x","tag-martin-luther-king","tag-medgar-evers","tag-no-soy-tu-negro","tag-pelicula-documental","tag-raoul-peck"],"_links":{"self":[{"href":"https:\/\/www.elpuenterojo.es\/index.php\/wp-json\/wp\/v2\/posts\/969","targetHints":{"allow":["GET"]}}],"collection":[{"href":"https:\/\/www.elpuenterojo.es\/index.php\/wp-json\/wp\/v2\/posts"}],"about":[{"href":"https:\/\/www.elpuenterojo.es\/index.php\/wp-json\/wp\/v2\/types\/post"}],"author":[{"embeddable":true,"href":"https:\/\/www.elpuenterojo.es\/index.php\/wp-json\/wp\/v2\/users\/2"}],"replies":[{"embeddable":true,"href":"https:\/\/www.elpuenterojo.es\/index.php\/wp-json\/wp\/v2\/comments?post=969"}],"version-history":[{"count":2,"href":"https:\/\/www.elpuenterojo.es\/index.php\/wp-json\/wp\/v2\/posts\/969\/revisions"}],"predecessor-version":[{"id":2046,"href":"https:\/\/www.elpuenterojo.es\/index.php\/wp-json\/wp\/v2\/posts\/969\/revisions\/2046"}],"wp:featuredmedia":[{"embeddable":true,"href":"https:\/\/www.elpuenterojo.es\/index.php\/wp-json\/wp\/v2\/media\/970"}],"wp:attachment":[{"href":"https:\/\/www.elpuenterojo.es\/index.php\/wp-json\/wp\/v2\/media?parent=969"}],"wp:term":[{"taxonomy":"category","embeddable":true,"href":"https:\/\/www.elpuenterojo.es\/index.php\/wp-json\/wp\/v2\/categories?post=969"},{"taxonomy":"post_tag","embeddable":true,"href":"https:\/\/www.elpuenterojo.es\/index.php\/wp-json\/wp\/v2\/tags?post=969"}],"curies":[{"name":"wp","href":"https:\/\/api.w.org\/{rel}","templated":true}]}}