{"id":937,"date":"2017-05-19T16:42:13","date_gmt":"2017-05-19T14:42:13","guid":{"rendered":"http:\/\/www.elpuenterojo.es\/?p=937"},"modified":"2025-12-16T11:26:54","modified_gmt":"2025-12-16T10:26:54","slug":"pantalla-grande-ande-o-no-ande","status":"publish","type":"post","link":"https:\/\/www.elpuenterojo.es\/index.php\/2017\/05\/19\/pantalla-grande-ande-o-no-ande\/","title":{"rendered":"\u201cPantalla grande, ande o no ande\u201d"},"content":{"rendered":"<p><strong>\u201cPantalla grande, ande o no ande\u201d<\/strong><\/p>\n<p>Como buen manchego que es, Almod\u00f3var conocer\u00e1 bien el viejo dicho del mundo rural sobre \u201c<em>el burro grande\u2026<\/em>\u201d pero seguramente no fueron sus or\u00edgenes humildes sino su presente <em>glamouroso<\/em> como presidente del jurado en Cannes 2017 lo que aflor\u00f3 del subconsciente al pronunciarse en rueda de prensa, respaldando el anunciado veto del festival contra la plataformas digital Netflix, que se niega ceder al chantaje del obligado estreno de sus producciones en salas francesas para poder competir en el festival.<\/p>\n<p>Desde luego nadie puede negar al festival de Cannes su derecho a regular sus propias normas, seleccionar los films con sus propios criterios y elegir a sus jurados como les venga en gana. Es lo que ha hecho siempre, \u00bfno? Y as\u00ed ha ganado todo su prestigio. Pero m\u00e1s all\u00e1 de los mensajes expl\u00edcitos, a nadie se le escapa la encarnizada guerra que hay detr\u00e1s de esta \u201cfrontera artificial\u201d, de esta \u201craya defensiva\u201d que no tiene tanto que ver con el tama\u00f1o de las pantallas como con el tama\u00f1o de los negocios que hay detr\u00e1s de ellas. Lo peor es querer justificarlos mediante argumentos art\u00edsticos anacr\u00f3nicos. Y peor todav\u00eda, romper en a\u00f1icos la imagen de un festival tradicionalmente impulsor del cine independiente, del cine de autor, aunque ya hace a\u00f1os sobreviva fundamentalmente a base de glamour (y otras tonter\u00edas) robadas al denostado Hollywood, del cual ya no se diferencia mucho.<\/p>\n<p><strong>\u00bfD\u00f3nde est\u00e1 la paradoja?<\/strong><\/p>\n<p>Habl\u00f3 Pedro de la paradoja \u201c<em>de premiar un filme que no pueda verse en una sala\u201d\u2026 <\/em>y acompa\u00f1\u00f3 la afirmaci\u00f3n con la manida apelaci\u00f3n a la m\u00edstica y la liturgia de la proyecci\u00f3n en salas, si bien las circunstancias y el momento hicieron que sus palabras chirriasen un poco\u2026 incluso provocasen la controversia con otro miembro del jurado, Will Smith, libre de prejuicios at\u00e1vicos. \u00bfAcaso el lugar de la proyecci\u00f3n o el tama\u00f1o de la pantalla es lo que har\u00e1 m\u00e1s grande la pel\u00edcula? \u00bfD\u00f3nde est\u00e1 pues la paradoja de premiar un film considerando exclus\u00edvamente su calidad y sus valores art\u00edsticos y no las circunstancias de su estreno o su posici\u00f3n dentro del tinglado comercial? Lo peor, tal vez, es que todo pueda interpretarse como un alineamiento con intereses bastardos, que no dan la cara sino la espalda a la obligada adecuaci\u00f3n a las tecnolog\u00edas digitales, es decir, al futuro, para alinearse con quienes luchan por mantener a flote las estructuras obsoletas del siglo pasado apelando a las nostalgias. Me parece que no es un buen camino, ni tiene l\u00f3gica postergar o menospreciar a las nuevas plataformas, las televisiones o el mercado de la distribuci\u00f3n dom\u00e9stica cuando \u00e9ste es el verdadero soporte econ\u00f3mico y futuro del marcado audiovisual. Incluso cuando son las tecnolog\u00edas digitales las principales aliadas del nuevo cine independiente, m\u00e1s independiente que nunca, y de autor, m\u00e1s personal que nunca en la medida que se reducen los filtros de la distribuci\u00f3n y aumentan y se flexibilizan los canales para llegar al espectador.<\/p>\n<p><strong>El debate de fondo<\/strong><\/p>\n<p>Tarde o temprano ten\u00eda que suceder: la metamorfosis del mercado audiovisual tensa las relaciones entre las viejas estructuras de distribuci\u00f3n y exhibici\u00f3n (que se defienden con pocos reflejos de los cambios tecnol\u00f3gicos que afectan a sus intereses) y las voraces nuevas plataformas que con el viento a favor de las tecnolog\u00edas y las demandas de los usuarios han tomado la iniciativa en las tareas de producci\u00f3n y se niegan a pagar \u201cpeajes\u201d.<\/p>\n<p>Es muy respetable que todav\u00eda muchos espectadores prefieran ver el cine en salas, pero afirmar que s\u00f3lo es cine el que se proyecta en una sala es sencillamente una estupidez.<\/p>\n<p>La evidencia de \u00a0la necesaria complementariedad entre todos los sistemas de producci\u00f3n y exhibici\u00f3n quedaron patentes cuando los cines, las televisiones y los videoclubs establecieron un cierto orden que fue beneficioso para todos\u2026 Pero ese orden ya est\u00e1 muerto. Ning\u00fan negocio, por ping\u00fce que sea, tiene asegurado el futuro a perpetuidad, sino que su desarrollo siempre est\u00e1 condicionado por su capacidad para evolucionar.<\/p>\n<p><strong>La falacia de las salas<\/strong><\/p>\n<p>La tan mitificada liturgia m\u00edstica de la pantalla grande merece algunas observaciones. Porque las salas y las pantallas de los mini-cines, son cada vez m\u00e1s chicas y la calidad de las proyecciones muchas veces deja mucho que desear. Son muy pocas las salas que se han adaptado a los tiempos y mantienen el apretujamiento salvaje de sus butacas, pensadas para espacios tan especulativos como los de los aviones (o tal vez a\u00fan no se han enterado que el espa\u00f1ol medio ya no mide uno sesenta).<\/p>\n<p>Aunque obligado por la necesidad de ver las pel\u00edculas de estreno sigo asistiendo a las salas, estoy hasta el gorro de no saber d\u00f3nde poner las piernas, del cabez\u00f3n del espectador de delante, de la lucha por el reposabrazos con el an\u00f3nimo espectador de al lado, de la falta de ventilaci\u00f3n entre proyecci\u00f3n y proyecci\u00f3n, del olor a las putas palomitas, de que me pongan trailers de pel\u00edculas que no quiero ver, de que todo el mundo se levante y no me dejen leer los cr\u00e9ditos ni escuchar hasta el final la m\u00fasica, por no hablar de pagar el mismo past\u00f3n que me costar\u00eda comprarme la pel\u00edcula en blu-ray si el mercado fuese racional y equilibrado. Si existiese un poco m\u00e1s de <em>fair play<\/em>.<\/p>\n<p>Si, debo confesar que prefiero ver las pel\u00edculas en mi casa, que es donde trabajo, donde leo libros, escucho m\u00fasica\u2026 y que eso no me impide asistir a la \u00f3pera cuando puedo rascarme el bolsillo, o ir al teatro, al f\u00fatbol, o al cine, cuando deseo sentirme part\u00edcipe de la fenomenolog\u00eda social\u2026 pero diferencio, si se me permite, la fenomenolog\u00eda del producto, la liturgia del acto.<\/p>\n<p>Si solo hubiese podido conocer las obras de arte en sus museos originales o las catedrales en vivo sufragando costosos viajes, me hubiese sido imposible estudiar Historia del Arte. La plebe siempre accedi\u00f3 a la cultura gracias a los suced\u00e1neos fotogr\u00e1ficos, igual que el libro de bolsillo facilit\u00f3 nuestro acceso a la literatura, que antes solo se editaba en tapa dura para lucir bonito en las estanter\u00edas de los salones de las clases pudientes. Pero ese libro que te atrapa, que te embebe y cuya lectura impregna tus neuronas es m\u00e1s manejable si se dobla, si se adapta a tu horizontalidad, si escribir una obser-vaci\u00f3n o doblar una p\u00e1gina no se convierte en un sacrilegio.<\/p>\n<p>Algo similar me pasa ya con las pel\u00edculas. Las intrascendentes, que son la mayor\u00eda, no merecen tantos minutos de la vida de uno atrapado en una butaca infra dimensionada (que adem\u00e1s sacude mi conciencia pues me hace sentirme gordo), el formato dom\u00e9stico te facilita detectarlas y dejarlas a un lado. Y las interesantes, las disfruto m\u00e1s si empiezan cuando yo quiero, no tengo que buscar un sitio para aparcar ni andar buscando si la echan aqu\u00ed o all\u00e1, si llego o no llego, si voy solo o acompa\u00f1ado\u2026. Aunque existen excelentes proyectores y pantallas de uso dom\u00e9stico de respetable tama\u00f1o, prefiero una buena pantalla QLED, ultraplana, full hd o 4k, de tama\u00f1o proporcionado a la distancia del sof\u00e1 (me gusta desparramarme con las piernas en alto, bien estiradas y colocadas sobre la mesilla) y un home cinema en condiciones, al que yo ajusto el volumen y la calidez del sonido.<\/p>\n<p>No quisiera alargarme con opiniones personales, que cada cual tiene derecho a las suyas propias. Tan s\u00f3lo quisiera recordar que el buen cine merece un buen an\u00e1lisis, que uno a veces intenta, y este s\u00f3lo es posible si el visionado se flexibiliza, se reitera, se reflexiona\u2026 si se hace en una cierta intimidad intelectual, en la cercan\u00eda de los libros de consulta, de las redes, de la imdb y las miles de p\u00e1ginas con informaci\u00f3n, referencias, cr\u00edticas, opiniones y valoraciones que conforman el gran tinglado universal del cine.<\/p>\n<p>En fin, que si mi condici\u00f3n humilde de hijo de familia numerosa no me impidi\u00f3 estudiar el arte universal, mi condici\u00f3n humilde de espectador interesado por las cosas que pasan en el mundo audiovisual encuentran en los formatos dom\u00e9sticos, on line y digitales el mejor aliado para satisfacer la curiosidad intelectual. No debieran, creo, establecerse fronteras en lo audiovisual basadas en el tama\u00f1o de las pantallas, ni en los intereses comerciales de los muchos intereses extra-art\u00edsticos que rodean al cine. Por eso no entiendo a mi paisano Almod\u00f3var, que quiz\u00e1 se est\u00e1 apoltronando en los altares de una cinefilia algo trasnochada, pero que es muy due\u00f1o de seguir haciendo, ojal\u00e1 que por muchos a\u00f1os, las pel\u00edculas como le venga en gana y verlas all\u00ed donde sus liturgias acrecientan su glamourosa santificaci\u00f3n, tan reverenciada.<\/p>\n<p style=\"text-align: right;\"><strong>Federico Garc\u00eda Serrano<\/strong><\/p>\n<p style=\"text-align: center;\"><a href=\"https:\/\/www.elpuenterojo.es\/wp-content\/uploads\/2017\/05\/la-pantalla-grande-ande-o-no-ande.pdf\" target=\"_blank\" rel=\"noopener noreferrer\">DESCARGAR TEXTO EN PDF\u00a0<\/a><\/p>\n","protected":false},"excerpt":{"rendered":"<p>Habl\u00f3 Pedro de la paradoja \u201cde premiar un filme que no pueda verse en una sala\u201d\u2026 y acompa\u00f1\u00f3 la afirmaci\u00f3n con la manida apelaci\u00f3n a la m\u00edstica y la liturgia de la proyecci\u00f3n en salas, si bien las circunstancias y el momento hicieron que sus palabras chirriasen un poco\u2026 incluso provocasen la controversia con otro miembro del jurado, Will Smith, libre de prejuicios at\u00e1vicos. \u00bfAcaso el lugar de la proyecci\u00f3n o el tama\u00f1o de la pantalla es lo que har\u00e1 m\u00e1s grande la pel\u00edcula? \u00bfD\u00f3nde est\u00e1 pues la paradoja de premiar un film considerando exclus\u00edvamente su calidad y sus valores art\u00edsticos y no las circunstancias de su estreno o su posici\u00f3n dentro del tinglado comercial?<\/p>\n","protected":false},"author":2,"featured_media":0,"comment_status":"open","ping_status":"closed","sticky":false,"template":"","format":"standard","meta":{"footnotes":""},"categories":[1],"tags":[],"class_list":["post-937","post","type-post","status-publish","format-standard","hentry","category-reflexiones"],"_links":{"self":[{"href":"https:\/\/www.elpuenterojo.es\/index.php\/wp-json\/wp\/v2\/posts\/937","targetHints":{"allow":["GET"]}}],"collection":[{"href":"https:\/\/www.elpuenterojo.es\/index.php\/wp-json\/wp\/v2\/posts"}],"about":[{"href":"https:\/\/www.elpuenterojo.es\/index.php\/wp-json\/wp\/v2\/types\/post"}],"author":[{"embeddable":true,"href":"https:\/\/www.elpuenterojo.es\/index.php\/wp-json\/wp\/v2\/users\/2"}],"replies":[{"embeddable":true,"href":"https:\/\/www.elpuenterojo.es\/index.php\/wp-json\/wp\/v2\/comments?post=937"}],"version-history":[{"count":1,"href":"https:\/\/www.elpuenterojo.es\/index.php\/wp-json\/wp\/v2\/posts\/937\/revisions"}],"predecessor-version":[{"id":940,"href":"https:\/\/www.elpuenterojo.es\/index.php\/wp-json\/wp\/v2\/posts\/937\/revisions\/940"}],"wp:attachment":[{"href":"https:\/\/www.elpuenterojo.es\/index.php\/wp-json\/wp\/v2\/media?parent=937"}],"wp:term":[{"taxonomy":"category","embeddable":true,"href":"https:\/\/www.elpuenterojo.es\/index.php\/wp-json\/wp\/v2\/categories?post=937"},{"taxonomy":"post_tag","embeddable":true,"href":"https:\/\/www.elpuenterojo.es\/index.php\/wp-json\/wp\/v2\/tags?post=937"}],"curies":[{"name":"wp","href":"https:\/\/api.w.org\/{rel}","templated":true}]}}