{"id":799,"date":"2017-03-23T22:17:41","date_gmt":"2017-03-23T21:17:41","guid":{"rendered":"http:\/\/www.elpuenterojo.es\/?p=799"},"modified":"2025-09-26T12:43:58","modified_gmt":"2025-09-26T10:43:58","slug":"bajo-la-arena-un-antidoto-contra-el-olvido","status":"publish","type":"post","link":"https:\/\/www.elpuenterojo.es\/index.php\/2017\/03\/23\/bajo-la-arena-un-antidoto-contra-el-olvido\/","title":{"rendered":"Bajo la arena, un ant\u00eddoto contra el olvido"},"content":{"rendered":"<p>Finalizada la Segunda Guerra Mundial, el sargento dan\u00e9s Carl Rafmussen (Roland M\u00f8ller) manda un peque\u00f1o grupo de once\u00a0 j\u00f3venes, casi ni\u00f1os, prisioneros alemanes obligados a desactivar las minas plantadas en una playa de la costa occidental de Dinamarca por las tropas nazis. Era una forma de venganza aleccionadora y una t\u00e1ctica planeada para convertir en v\u00edctimas a los verdugos, en tiempos donde la guerra mutil\u00f3 tambi\u00e9n el sentido com\u00fan. Basada en una historia real que afect\u00f3, solo en territorio dan\u00e9s, a m\u00e1s de dos mil prisioneros. La tan mitificada victoria de las tropas aliadas que nos liber\u00f3 del nazismo supuso el fin de la guerra, pero no el final de sus horrores, ni de secuelas, en forma de trampas mortales que quedaron ocultas. En <em>Bajo la arena<\/em>, el maltrato y la humillaci\u00f3n infligida sobre los j\u00f3venes alemanes por el desp\u00f3tico oficial victorioso sirve de punto de partida para la recreaci\u00f3n de la historia, una de las miles que podr\u00edan contarse sobre la crueldad de las minas anti-personas. La pel\u00edcula de Martin Zandvliet relata los hechos con suspense y fuerza dram\u00e1tica, sin recreaciones morbosas m\u00e1s all\u00e1 de algunas im\u00e1genes tan crudas como necesarias, componiendo una historia dif\u00edcil de olvidar, que se une a la larga lista de pel\u00edculas antibelicistas que mueven a la reflexi\u00f3n y, por ello, la etiquetamos, como rechazo a los hechos que se cuentan y a la filosof\u00eda en que se sustentan, dentro de nuestro ep\u00edgrafe: Cine por la Paz.<\/p>\n<p style=\"text-align: center;\"><a href=\"https:\/\/www.elpuenterojo.es\/wp-content\/uploads\/2017\/03\/Bajo-la-arena.pdf\" target=\"_blank\">\u00a0DESCARGAR ART\u00cdCULO COMPLETO EN PDF <\/a><\/p>\n<p style=\"text-align: center;\"><img loading=\"lazy\" decoding=\"async\" class=\"alignnone wp-image-583\" src=\"https:\/\/www.elpuenterojo.es\/wp-content\/uploads\/2017\/01\/ojo-spoiler-copiar.jpg\" alt=\"\" width=\"100\" height=\"87\" \/><\/p>\n<h6 style=\"text-align: center;\">El an\u00e1lisis de la pel\u00edcula puede desvelar datos relevantes sobre su contenido<\/h6>\n<p>&nbsp;<\/p>\n","protected":false},"excerpt":{"rendered":"<p>Tras la retirada de las tropas nazis, en 1945, los j\u00f3venes prisioneros de guerra fueron utilizados para la desactivaci\u00f3n de minas ocultas en las playas de Dinamarca. Un relato traum\u00e1tico que no debe caer en el olvido.<\/p>\n","protected":false},"author":2,"featured_media":803,"comment_status":"open","ping_status":"closed","sticky":false,"template":"","format":"standard","meta":{"footnotes":""},"categories":[4],"tags":[118,9,120,121,119],"class_list":["post-799","post","type-post","status-publish","format-standard","has-post-thumbnail","hentry","category-analisis","tag-bajo-la-arena","tag-cine-por-la-paz","tag-land-of-mine","tag-minas-anti-persona","tag-under-sandet"],"_links":{"self":[{"href":"https:\/\/www.elpuenterojo.es\/index.php\/wp-json\/wp\/v2\/posts\/799","targetHints":{"allow":["GET"]}}],"collection":[{"href":"https:\/\/www.elpuenterojo.es\/index.php\/wp-json\/wp\/v2\/posts"}],"about":[{"href":"https:\/\/www.elpuenterojo.es\/index.php\/wp-json\/wp\/v2\/types\/post"}],"author":[{"embeddable":true,"href":"https:\/\/www.elpuenterojo.es\/index.php\/wp-json\/wp\/v2\/users\/2"}],"replies":[{"embeddable":true,"href":"https:\/\/www.elpuenterojo.es\/index.php\/wp-json\/wp\/v2\/comments?post=799"}],"version-history":[{"count":3,"href":"https:\/\/www.elpuenterojo.es\/index.php\/wp-json\/wp\/v2\/posts\/799\/revisions"}],"predecessor-version":[{"id":806,"href":"https:\/\/www.elpuenterojo.es\/index.php\/wp-json\/wp\/v2\/posts\/799\/revisions\/806"}],"wp:featuredmedia":[{"embeddable":true,"href":"https:\/\/www.elpuenterojo.es\/index.php\/wp-json\/wp\/v2\/media\/803"}],"wp:attachment":[{"href":"https:\/\/www.elpuenterojo.es\/index.php\/wp-json\/wp\/v2\/media?parent=799"}],"wp:term":[{"taxonomy":"category","embeddable":true,"href":"https:\/\/www.elpuenterojo.es\/index.php\/wp-json\/wp\/v2\/categories?post=799"},{"taxonomy":"post_tag","embeddable":true,"href":"https:\/\/www.elpuenterojo.es\/index.php\/wp-json\/wp\/v2\/tags?post=799"}],"curies":[{"name":"wp","href":"https:\/\/api.w.org\/{rel}","templated":true}]}}