{"id":790,"date":"2017-01-27T10:19:00","date_gmt":"2017-01-27T09:19:00","guid":{"rendered":"http:\/\/www.elpuenterojo.es\/?p=790"},"modified":"2025-09-26T12:44:08","modified_gmt":"2025-09-26T10:44:08","slug":"sin-refugio-imagenes-del-exilio-contemporaneo","status":"publish","type":"post","link":"https:\/\/www.elpuenterojo.es\/index.php\/2017\/01\/27\/sin-refugio-imagenes-del-exilio-contemporaneo\/","title":{"rendered":"Sin refugio. Im\u00e1genes del exilio contempor\u00e1neo"},"content":{"rendered":"<p style=\"text-align: left;\">Este ciclo aborda c\u00f3mo el cine documental reciente ha confrontado y respondido a la crisis de los refugiados. Esta cat\u00e1strofe humanitaria define de manera paradigm\u00e1tica las condiciones de existencia de un nuevo mundo a nivel geopol\u00edtico y subjetivo. Un sistema de relaciones gobernado por la divisi\u00f3n necropol\u00edtica, t\u00e9rmino con el que se define a un novedoso y perverso poder global que polariza a los pa\u00edses y territorios entre espacios de vida y espacios de muerte en vida, en el que la presencia ubicua del campo de refugiados en los l\u00edmites europeos ya no es una excepci\u00f3n, sino el reconocimiento manifiesto de una ciudadan\u00eda desterritorializada, espectral y carente de derechos. \u00bfCu\u00e1l es la posici\u00f3n \u00e9tica y pol\u00edtica de las im\u00e1genes ante este estado de excepci\u00f3n como norma?<\/p>\n<p>Sin refugio presenta trabajos f\u00edlmicos recientes de Irak, Siria, Palestina y T\u00fanez, que buscan definir un cine de historia a partir del testimonio, el documento y la experiencia personal ante las sucesivas guerras y sus consecuencias; algunas pel\u00edculas que ensayan con la teatralidad diversas formas de representaci\u00f3n de una subjetividad precaria y resistente; y otras que versan sobre la idea de Europa como fortaleza, la frontera como espacio de vigilancia global, as\u00ed como sobre la inquietante y siniestra sombra contempor\u00e1nea de las pol\u00edticas excluyentes que dominaron el continente en la d\u00e9cada de 1930.<\/p>\n<p style=\"text-align: center;\"><a href=\"http:\/\/www.museoreinasofia.es\/actividades\/sin-refugio\" target=\"_blank\">ACCESO A LA WEB DEL CENTRO DE ARTE REINA SOF\u00cdA. <\/a><\/p>\n<p style=\"text-align: center;\"><a href=\"http:\/\/www.museoreinasofia.es\/actividades\/sin-refugio\" target=\"_blank\">PROGRAMACI\u00d3N\u00a0<\/a><\/p>\n","protected":false},"excerpt":{"rendered":"<p>Sin refugio presenta trabajos f\u00edlmicos recientes de Irak, Siria, Palestina y T\u00fanez, que buscan definir un cine de historia a partir del testimonio, el documento y la experiencia personal ante las sucesivas guerras y sus consecuencias.<\/p>\n","protected":false},"author":2,"featured_media":791,"comment_status":"open","ping_status":"closed","sticky":false,"template":"","format":"standard","meta":{"footnotes":""},"categories":[4],"tags":[9,117],"class_list":["post-790","post","type-post","status-publish","format-standard","has-post-thumbnail","hentry","category-analisis","tag-cine-por-la-paz","tag-cine-refugiados"],"_links":{"self":[{"href":"https:\/\/www.elpuenterojo.es\/index.php\/wp-json\/wp\/v2\/posts\/790","targetHints":{"allow":["GET"]}}],"collection":[{"href":"https:\/\/www.elpuenterojo.es\/index.php\/wp-json\/wp\/v2\/posts"}],"about":[{"href":"https:\/\/www.elpuenterojo.es\/index.php\/wp-json\/wp\/v2\/types\/post"}],"author":[{"embeddable":true,"href":"https:\/\/www.elpuenterojo.es\/index.php\/wp-json\/wp\/v2\/users\/2"}],"replies":[{"embeddable":true,"href":"https:\/\/www.elpuenterojo.es\/index.php\/wp-json\/wp\/v2\/comments?post=790"}],"version-history":[{"count":4,"href":"https:\/\/www.elpuenterojo.es\/index.php\/wp-json\/wp\/v2\/posts\/790\/revisions"}],"predecessor-version":[{"id":795,"href":"https:\/\/www.elpuenterojo.es\/index.php\/wp-json\/wp\/v2\/posts\/790\/revisions\/795"}],"wp:featuredmedia":[{"embeddable":true,"href":"https:\/\/www.elpuenterojo.es\/index.php\/wp-json\/wp\/v2\/media\/791"}],"wp:attachment":[{"href":"https:\/\/www.elpuenterojo.es\/index.php\/wp-json\/wp\/v2\/media?parent=790"}],"wp:term":[{"taxonomy":"category","embeddable":true,"href":"https:\/\/www.elpuenterojo.es\/index.php\/wp-json\/wp\/v2\/categories?post=790"},{"taxonomy":"post_tag","embeddable":true,"href":"https:\/\/www.elpuenterojo.es\/index.php\/wp-json\/wp\/v2\/tags?post=790"}],"curies":[{"name":"wp","href":"https:\/\/api.w.org\/{rel}","templated":true}]}}