{"id":626,"date":"2017-01-28T23:35:01","date_gmt":"2017-01-28T22:35:01","guid":{"rendered":"http:\/\/www.elpuenterojo.es\/?p=626"},"modified":"2017-02-21T20:30:40","modified_gmt":"2017-02-21T19:30:40","slug":"festival-de-cine-de-berlin","status":"publish","type":"post","link":"https:\/\/www.elpuenterojo.es\/index.php\/2017\/01\/28\/festival-de-cine-de-berlin\/","title":{"rendered":"Festival de cine de Berl\u00edn"},"content":{"rendered":"<p>Desde su primera edici\u00f3n en el a\u00f1o 1951, el Festival de Berl\u00edn se ha convertido en una de las principales citas internacionales, que este a\u00f1o cumple su 67 edici\u00f3n.<\/p>\n<p>&nbsp;<\/p>\n<p style=\"text-align: center;\"><a href=\"http:\/\/www.berlinale.de\/en\/HomePage.html\" target=\"_blank\">ACCESO A LA WEB OFICIAL<\/a><\/p>\n<p style=\"text-align: center;\"><a href=\"https:\/\/www.berlinale.de\/en\/das_festival\/preise_und_juries\/preise_internationale_jury\/index.html#goldener_baer\" target=\"_blank\">PALMAR\u00c9S<\/a><\/p>\n<p style=\"text-align: center;\"><img loading=\"lazy\" decoding=\"async\" class=\"alignnone size-medium wp-image-745\" src=\"https:\/\/www.elpuenterojo.es\/wp-content\/uploads\/2017\/01\/a_testrol_es_a_lelekrol-823866735-large-212x300.jpg\" alt=\"\" width=\"212\" height=\"300\" srcset=\"https:\/\/www.elpuenterojo.es\/wp-content\/uploads\/2017\/01\/a_testrol_es_a_lelekrol-823866735-large-212x300.jpg 212w, https:\/\/www.elpuenterojo.es\/wp-content\/uploads\/2017\/01\/a_testrol_es_a_lelekrol-823866735-large-724x1024.jpg 724w, https:\/\/www.elpuenterojo.es\/wp-content\/uploads\/2017\/01\/a_testrol_es_a_lelekrol-823866735-large-768x1087.jpg 768w, https:\/\/www.elpuenterojo.es\/wp-content\/uploads\/2017\/01\/a_testrol_es_a_lelekrol-823866735-large.jpg 848w\" sizes=\"auto, (max-width: 212px) 100vw, 212px\" \/><\/p>\n<p style=\"text-align: center;\"><a href=\"https:\/\/www.berlinale.de\/en\/programm\/berlinale_programm\/datenblatt.php?film_id=201715609#tab=filmStills\" target=\"_blank\">Verano 1993 (Carla Sim\u00f3n), mejor \u00f3pera prima<\/a><\/p>\n<p style=\"text-align: center;\"><img loading=\"lazy\" decoding=\"async\" class=\"alignnone size-medium wp-image-743\" src=\"https:\/\/www.elpuenterojo.es\/wp-content\/uploads\/2017\/01\/Verano-1993--300x201.jpg\" alt=\"\" width=\"300\" height=\"201\" srcset=\"https:\/\/www.elpuenterojo.es\/wp-content\/uploads\/2017\/01\/Verano-1993--300x201.jpg 300w, https:\/\/www.elpuenterojo.es\/wp-content\/uploads\/2017\/01\/Verano-1993-.jpg 600w\" sizes=\"auto, (max-width: 300px) 100vw, 300px\" \/><\/p>\n<p style=\"text-align: center;\"><a href=\"http:\/\/iniciafilms.com\/misitio\/verano-1993\/\" target=\"_blank\">acceso a la web de la productora del film<\/a><\/p>\n","protected":false},"excerpt":{"rendered":"<p>Del 9 al 19 de febrero de 2017, la 67 edici\u00f3n<\/p>\n","protected":false},"author":2,"featured_media":628,"comment_status":"open","ping_status":"closed","sticky":false,"template":"","format":"standard","meta":{"footnotes":""},"categories":[8],"tags":[],"class_list":["post-626","post","type-post","status-publish","format-standard","has-post-thumbnail","hentry","category-columna-izquierda-2"],"_links":{"self":[{"href":"https:\/\/www.elpuenterojo.es\/index.php\/wp-json\/wp\/v2\/posts\/626","targetHints":{"allow":["GET"]}}],"collection":[{"href":"https:\/\/www.elpuenterojo.es\/index.php\/wp-json\/wp\/v2\/posts"}],"about":[{"href":"https:\/\/www.elpuenterojo.es\/index.php\/wp-json\/wp\/v2\/types\/post"}],"author":[{"embeddable":true,"href":"https:\/\/www.elpuenterojo.es\/index.php\/wp-json\/wp\/v2\/users\/2"}],"replies":[{"embeddable":true,"href":"https:\/\/www.elpuenterojo.es\/index.php\/wp-json\/wp\/v2\/comments?post=626"}],"version-history":[{"count":6,"href":"https:\/\/www.elpuenterojo.es\/index.php\/wp-json\/wp\/v2\/posts\/626\/revisions"}],"predecessor-version":[{"id":746,"href":"https:\/\/www.elpuenterojo.es\/index.php\/wp-json\/wp\/v2\/posts\/626\/revisions\/746"}],"wp:featuredmedia":[{"embeddable":true,"href":"https:\/\/www.elpuenterojo.es\/index.php\/wp-json\/wp\/v2\/media\/628"}],"wp:attachment":[{"href":"https:\/\/www.elpuenterojo.es\/index.php\/wp-json\/wp\/v2\/media?parent=626"}],"wp:term":[{"taxonomy":"category","embeddable":true,"href":"https:\/\/www.elpuenterojo.es\/index.php\/wp-json\/wp\/v2\/categories?post=626"},{"taxonomy":"post_tag","embeddable":true,"href":"https:\/\/www.elpuenterojo.es\/index.php\/wp-json\/wp\/v2\/tags?post=626"}],"curies":[{"name":"wp","href":"https:\/\/api.w.org\/{rel}","templated":true}]}}