{"id":269,"date":"2016-12-07T19:06:09","date_gmt":"2016-12-07T18:06:09","guid":{"rendered":"http:\/\/www.elpuenterojo.es\/?p=269"},"modified":"2025-09-26T12:44:23","modified_gmt":"2025-09-26T10:44:23","slug":"8-ciclo-de-cine-por-la-paz","status":"publish","type":"post","link":"https:\/\/www.elpuenterojo.es\/index.php\/2016\/12\/07\/8-ciclo-de-cine-por-la-paz\/","title":{"rendered":"8\u00ba ciclo de Cine por la Paz"},"content":{"rendered":"<p>En el mes de diciembre de 2016 se desarroll\u00f3 en Madrid la 8\u00aa edici\u00f3n del ciclo Cine por la Paz, que organiza la organizaci\u00f3n Movimiento por la paz.<\/p>\n<p>Pel\u00edculas proyectadas:<\/p>\n<p><a href=\"http:\/\/www.imdb.com\/title\/tt3244744\/\" target=\"_blank\"><strong><em>No Land No Food No Life<\/em> (documental) de Amy Miller (Canad\u00e1, 2013)<\/strong><\/a><\/p>\n<h5><strong>Recoge el testimonio de modestos agricultores nigerianos, privados de trabajar las tierras como lo han hecho sus antepasados durante siglos. El acaparamiento de tierras por grandes grandes empresas multinacionales con el pretexto de luchar contra el hambre mundial encierra numerosos problemas \u00e9ticos y morales que tienen que ver con la sobre-explotaci\u00f3n de las tierras y los intereses econ\u00f3micos nada solidarios de compa\u00f1\u00edas multinacionales, que afectan adem\u00e1s negativamente a la pol\u00edtica de precios. En m\u00e1s de 40 ciudades de 20 pa\u00edses se han producido disturbios por este motivo, a los que el documental de Amy Miller presta atenci\u00f3n, siendo motivo de reflexi\u00f3n para un debate m\u00e1s profundo.<\/strong><\/h5>\n<p><a href=\"https:\/\/www.youtube.com\/watch?v=gNept3TphYA\" target=\"_blank\"><strong>Mi Makhzen y yo (documental) de Nadir Bouhmouch (Marruecos, 2012)<\/strong><\/a><\/p>\n<h5>Un joven marroqu\u00ed residente es Estados Unidos, estudiante de cine, regresa a su pa\u00eds en el verano de 2010 y su c\u00e1mara le es confiscada. Puesto en alerta sobre la situaci\u00f3n pol\u00edtica que viven sus compatriotas, Nadir Bouhmouch regresa en febrero de 2011 para filmar impresionantes testimonios de la revoluci\u00f3n del 20 de febrero, donde miles de manifestantes se lanzan a las calles y son ferozmente reprimidos.<\/h5>\n<p style=\"text-align: center;\"><a href=\"https:\/\/www.youtube.com\/watch?v=gNept3TphYA\" target=\"_blank\">VER EN YOUTUBE<\/a><\/p>\n<p><strong><em>1<a href=\"http:\/\/www.filmaffinity.com\/es\/film231913.html\" target=\"_blank\">0 a\u00f1os y divorciada<\/a><\/em> <a href=\"http:\/\/www.filmaffinity.com\/es\/film231913.html\" target=\"_blank\">(ficci\u00f3n, basada en una historia real) de Khadija Al.-Salami (Yemen, 2014)<\/a><\/strong><\/p>\n<p>Nojoom, una ni\u00f1a de 10 a\u00f1os, es obligada a casarse con un hombre con m\u00e1s de 30. La dote ofrece a su familia una peque\u00f1a renta y la libera de una boca m\u00e1s que alimentar&#8230; Un arreglo leg\u00edtimo para todos, excepto para la peque\u00f1a Nojoom, que ve como su vida cambia radicalmente y la existencia se le hace insoportable&#8230;<\/p>\n<p><a href=\"http:\/\/www.filmaffinity.com\/es\/film132076.html\" target=\"_blank\"><strong><em>After Spring<\/em> (documental) de Ellen Mart\u00ednez y Steph Ching (EEUU, 2016)<\/strong><\/a><\/p>\n<p>En el campo de refugiados de Zaatari, al norte de Jordania, miles de refugiados sirios, m\u00e1s de ochenta mil, se esfuerzan por llevar una vida digna despu\u00e9s de huir de la guerra, bajo la protecci\u00f3n de organismos internacionales. El documental ofrece testimonios de la vida diaria de estas personas, que sue\u00f1an con que la guerra finalice y llegue el d\u00eda en que puedan retornar a sus hogares&#8230;<\/p>\n<p style=\"text-align: center;\"><a href=\"http:\/\/www.mpdl.org\/noticias\/global\/sensibilizacion-movilizacion\/8-cine-paz#sthash.7fuIXRzF.dpbs\" target=\"_blank\">M\u00e1s informaci\u00f3n<\/a><\/p>\n<p>&nbsp;<\/p>\n<p>&nbsp;<\/p>\n","protected":false},"excerpt":{"rendered":"<p>En el mes de diciembre de 2016 se desarroll\u00f3 en Madrid la 8\u00aa edici\u00f3n del ciclo Cine por la Paz, que organiza la organizaci\u00f3n Movimiento por la paz.<\/p>\n","protected":false},"author":2,"featured_media":270,"comment_status":"open","ping_status":"closed","sticky":false,"template":"","format":"standard","meta":{"footnotes":""},"categories":[4],"tags":[71,9,70,69],"class_list":["post-269","post","type-post","status-publish","format-standard","has-post-thumbnail","hentry","category-analisis","tag-after-spring","tag-cine-por-la-paz","tag-mi-makhzen","tag-no-land-no-food-life"],"_links":{"self":[{"href":"https:\/\/www.elpuenterojo.es\/index.php\/wp-json\/wp\/v2\/posts\/269","targetHints":{"allow":["GET"]}}],"collection":[{"href":"https:\/\/www.elpuenterojo.es\/index.php\/wp-json\/wp\/v2\/posts"}],"about":[{"href":"https:\/\/www.elpuenterojo.es\/index.php\/wp-json\/wp\/v2\/types\/post"}],"author":[{"embeddable":true,"href":"https:\/\/www.elpuenterojo.es\/index.php\/wp-json\/wp\/v2\/users\/2"}],"replies":[{"embeddable":true,"href":"https:\/\/www.elpuenterojo.es\/index.php\/wp-json\/wp\/v2\/comments?post=269"}],"version-history":[{"count":5,"href":"https:\/\/www.elpuenterojo.es\/index.php\/wp-json\/wp\/v2\/posts\/269\/revisions"}],"predecessor-version":[{"id":529,"href":"https:\/\/www.elpuenterojo.es\/index.php\/wp-json\/wp\/v2\/posts\/269\/revisions\/529"}],"wp:featuredmedia":[{"embeddable":true,"href":"https:\/\/www.elpuenterojo.es\/index.php\/wp-json\/wp\/v2\/media\/270"}],"wp:attachment":[{"href":"https:\/\/www.elpuenterojo.es\/index.php\/wp-json\/wp\/v2\/media?parent=269"}],"wp:term":[{"taxonomy":"category","embeddable":true,"href":"https:\/\/www.elpuenterojo.es\/index.php\/wp-json\/wp\/v2\/categories?post=269"},{"taxonomy":"post_tag","embeddable":true,"href":"https:\/\/www.elpuenterojo.es\/index.php\/wp-json\/wp\/v2\/tags?post=269"}],"curies":[{"name":"wp","href":"https:\/\/api.w.org\/{rel}","templated":true}]}}