{"id":2532,"date":"2025-05-06T16:34:00","date_gmt":"2025-05-06T14:34:00","guid":{"rendered":"https:\/\/www.elpuenterojo.es\/?p=2532"},"modified":"2025-12-16T11:32:08","modified_gmt":"2025-12-16T10:32:08","slug":"sorda-ver-para-comprender","status":"publish","type":"post","link":"https:\/\/www.elpuenterojo.es\/index.php\/2025\/05\/06\/sorda-ver-para-comprender\/","title":{"rendered":"\u00abSorda\u00bb, ver para comprender"},"content":{"rendered":"\n<p>Muy cercana al docudrama, la \u00f3pera prima de Eva Libertad es una mirada introspectiva pero proyectada al exterior, cargada de buenas intenciones, que nos acerca a una realidad muy visualizada (la encontramos en numerosos programas informativos de televisi\u00f3n con traducci\u00f3n simult\u00e1nea en el lenguaje de signos) pero muy desconocida. Descubrimos lo poco que hemos entendido este problema en poco m\u00e1s de hora y media, cuando vemos Sorda, que con gran conocimiento del problema y la psicolog\u00eda de sus personajes, nos acerca, sobrecogedoramente, a un caso real como la vida misma.<\/p>\n\n\n\n<p class=\"has-text-align-center\"><strong><a href=\"https:\/\/www.elpuenterojo.es\/wp-content\/uploads\/2025\/09\/Sorda.pdf\">DESCARGAR ART\u00cdCULO COMPLETO EN PDF<\/a><\/strong><\/p>\n\n\n\n<p class=\"has-text-align-center\">Enlace a la web oficial de la pel\u00edcula: <a href=\"https:\/\/www.acontracorrientefilms.com\/movie\/deaf-2\">A Contracorriente Films &#8211; SORDA<\/a><\/p>\n\n\n\n<p><\/p>\n","protected":false},"excerpt":{"rendered":"<p>Muy cercana al docudrama, la \u00f3pera prima de Eva Libertad es una mirada introspectiva pero proyectada al exterior, cargada de buenas intenciones, que nos acerca a una realidad muy visualizada (la encontramos en numerosos programas informativos de televisi\u00f3n con traducci\u00f3n simult\u00e1nea en el lenguaje de signos) pero muy desconocida. Descubrimos lo poco que hemos entendido&#8230;<\/p>\n","protected":false},"author":2,"featured_media":2534,"comment_status":"open","ping_status":"closed","sticky":false,"template":"","format":"standard","meta":{"footnotes":""},"categories":[4],"tags":[306,490,310,105,491,489],"class_list":["post-2532","post","type-post","status-publish","format-standard","has-post-thumbnail","hentry","category-analisis","tag-analisis-filmico","tag-cine-espanol-2025","tag-critica","tag-el-puente-rojo","tag-eva-libertad","tag-sorda"],"_links":{"self":[{"href":"https:\/\/www.elpuenterojo.es\/index.php\/wp-json\/wp\/v2\/posts\/2532","targetHints":{"allow":["GET"]}}],"collection":[{"href":"https:\/\/www.elpuenterojo.es\/index.php\/wp-json\/wp\/v2\/posts"}],"about":[{"href":"https:\/\/www.elpuenterojo.es\/index.php\/wp-json\/wp\/v2\/types\/post"}],"author":[{"embeddable":true,"href":"https:\/\/www.elpuenterojo.es\/index.php\/wp-json\/wp\/v2\/users\/2"}],"replies":[{"embeddable":true,"href":"https:\/\/www.elpuenterojo.es\/index.php\/wp-json\/wp\/v2\/comments?post=2532"}],"version-history":[{"count":3,"href":"https:\/\/www.elpuenterojo.es\/index.php\/wp-json\/wp\/v2\/posts\/2532\/revisions"}],"predecessor-version":[{"id":2831,"href":"https:\/\/www.elpuenterojo.es\/index.php\/wp-json\/wp\/v2\/posts\/2532\/revisions\/2831"}],"wp:featuredmedia":[{"embeddable":true,"href":"https:\/\/www.elpuenterojo.es\/index.php\/wp-json\/wp\/v2\/media\/2534"}],"wp:attachment":[{"href":"https:\/\/www.elpuenterojo.es\/index.php\/wp-json\/wp\/v2\/media?parent=2532"}],"wp:term":[{"taxonomy":"category","embeddable":true,"href":"https:\/\/www.elpuenterojo.es\/index.php\/wp-json\/wp\/v2\/categories?post=2532"},{"taxonomy":"post_tag","embeddable":true,"href":"https:\/\/www.elpuenterojo.es\/index.php\/wp-json\/wp\/v2\/tags?post=2532"}],"curies":[{"name":"wp","href":"https:\/\/api.w.org\/{rel}","templated":true}]}}