{"id":1671,"date":"2019-02-20T13:43:30","date_gmt":"2019-02-20T12:43:30","guid":{"rendered":"http:\/\/www.elpuenterojo.es\/?p=1671"},"modified":"2019-02-20T13:43:30","modified_gmt":"2019-02-20T12:43:30","slug":"dos-catalunas-dos-espanas","status":"publish","type":"post","link":"https:\/\/www.elpuenterojo.es\/index.php\/2019\/02\/20\/dos-catalunas-dos-espanas\/","title":{"rendered":"\u00abDos Catalu\u00f1as, dos Espa\u00f1as\u00bb"},"content":{"rendered":"<p>Producido por Netflix, el bien intencionado documental de Longoria y Olivares, sobre la complejidad pol\u00edtica que atraviesa Catalu\u00f1a, m\u00e1s parece nacido para mostrar claves que permitan entender la situaci\u00f3n fuera de Espa\u00f1a, que para aportar novedades al bombardeo informativo al que estamos sometidos los espa\u00f1oles desde hace dos a\u00f1os. Sin embargo, este compendio de testimonios e im\u00e1genes, bien elaborado, aunque un tanto desordenado y sin discurso propio, puede servirnos, en su af\u00e1n de neutralidad, como un instrumento muy \u00fatil para la reflexi\u00f3n. Dos cosas quedan claras en este repaso a los hechos que acompa\u00f1an la fractura de las dos Catalunyas: los dos senderos de confrontaci\u00f3n que han conducido a un estrepitoso fracaso. Un fracaso que es lo \u00fanico que tienen en com\u00fan todas las partes. Por un lado, la declaraci\u00f3n unilateral de independencia, que ha situado al independentismo en un callej\u00f3n sin salida, en un c\u00famulo de promesas que han desembocado en la frustraci\u00f3n, pol\u00edticos encarcelados sometidos a la acci\u00f3n de la justicia, dirigentes que la han eludido por la v\u00eda del exilio, donde hay proclamas a bombo y platillo, pero no soluciones y si una fuerte fractura social. Por otro lado, la judicializaci\u00f3n del \u201cproc\u00e9s\u201d, la v\u00eda del 155 y la visceralidad en la reacci\u00f3n del nacionalismo espa\u00f1ol en algunos sectores, tal como se muestra en el documental, no ha servido sino para elevar a mayores el problema pol\u00edtico, creando un desafortunado precedente en el uso de la fuerza policial para reprimir un refer\u00e9ndum, a todas luces ilegal y sin garant\u00edas, pero manifiestamente pac\u00edfico en su planteamiento.<\/p>\n<p style=\"text-align: center;\"><a href=\"https:\/\/www.elpuenterojo.es\/wp-content\/uploads\/2019\/02\/Dos-Catalu\u00f1as.pdf\" target=\"_blank\" rel=\"noopener\">DESCARGAR EL ART\u00cdCULO COMPLETO EN PDF<\/a><\/p>\n","protected":false},"excerpt":{"rendered":"<p>En pleno juicio a los dirigentes del \u00abproc\u00e9s\u00bb y en plena campa\u00f1a electoral, reaparece el documental de Netflix realizado por \u00c1lvaro Longoria y Gerardo Olivares, premiado en la Berlinale y utilizado por el lider catal\u00e1n en el exilio, Carles Puigdemont, para colocar por sorpresa su mit\u00edn propagand\u00edstico en el coraz\u00f3n de Europa.<\/p>\n","protected":false},"author":2,"featured_media":1673,"comment_status":"open","ping_status":"closed","sticky":false,"template":"","format":"standard","meta":{"footnotes":""},"categories":[4],"tags":[316,319,184,312,313,317,314,318,315],"class_list":["post-1671","post","type-post","status-publish","format-standard","has-post-thumbnail","hentry","category-analisis","tag-alvaro-longoria","tag-carles-puigdemont","tag-documental","tag-dos-catalunas","tag-dos-catalunyas","tag-gerardo-olivares","tag-independentismo-en-cataluna","tag-netflix","tag-proces"],"_links":{"self":[{"href":"https:\/\/www.elpuenterojo.es\/index.php\/wp-json\/wp\/v2\/posts\/1671","targetHints":{"allow":["GET"]}}],"collection":[{"href":"https:\/\/www.elpuenterojo.es\/index.php\/wp-json\/wp\/v2\/posts"}],"about":[{"href":"https:\/\/www.elpuenterojo.es\/index.php\/wp-json\/wp\/v2\/types\/post"}],"author":[{"embeddable":true,"href":"https:\/\/www.elpuenterojo.es\/index.php\/wp-json\/wp\/v2\/users\/2"}],"replies":[{"embeddable":true,"href":"https:\/\/www.elpuenterojo.es\/index.php\/wp-json\/wp\/v2\/comments?post=1671"}],"version-history":[{"count":1,"href":"https:\/\/www.elpuenterojo.es\/index.php\/wp-json\/wp\/v2\/posts\/1671\/revisions"}],"predecessor-version":[{"id":1674,"href":"https:\/\/www.elpuenterojo.es\/index.php\/wp-json\/wp\/v2\/posts\/1671\/revisions\/1674"}],"wp:featuredmedia":[{"embeddable":true,"href":"https:\/\/www.elpuenterojo.es\/index.php\/wp-json\/wp\/v2\/media\/1673"}],"wp:attachment":[{"href":"https:\/\/www.elpuenterojo.es\/index.php\/wp-json\/wp\/v2\/media?parent=1671"}],"wp:term":[{"taxonomy":"category","embeddable":true,"href":"https:\/\/www.elpuenterojo.es\/index.php\/wp-json\/wp\/v2\/categories?post=1671"},{"taxonomy":"post_tag","embeddable":true,"href":"https:\/\/www.elpuenterojo.es\/index.php\/wp-json\/wp\/v2\/tags?post=1671"}],"curies":[{"name":"wp","href":"https:\/\/api.w.org\/{rel}","templated":true}]}}