{"id":1665,"date":"2018-06-14T17:36:38","date_gmt":"2018-06-14T15:36:38","guid":{"rendered":"http:\/\/www.elpuenterojo.es\/?p=1665"},"modified":"2019-05-31T16:20:53","modified_gmt":"2019-05-31T14:20:53","slug":"campeones-porque-asi-nos-consideramos","status":"publish","type":"post","link":"https:\/\/www.elpuenterojo.es\/index.php\/2018\/06\/14\/campeones-porque-asi-nos-consideramos\/","title":{"rendered":"\u00abCampeones\u00bb, porque as\u00ed nos consideramos"},"content":{"rendered":"<p>Recuerdo que un discapacitado estaba presente en la misma sala de cine en que yo entr\u00e9 a ver Campeones. Era un ni\u00f1o peque\u00f1o con sus dos padres. Yo, inconscientemente, intentaba adivinar c\u00f3mo estar\u00edan reaccionando ante cada situaci\u00f3n que la pel\u00edcula propon\u00eda, y en uno de estos intrusivos intentos de adivinaci\u00f3n encontr\u00e9 el estro para realizar este an\u00e1lisis: el encuentro del protagonista con los dem\u00e1s personajes supuso para m\u00ed un momento inc\u00f3modo, cuanto menos. No s\u00e9 si por m\u00ed mismo y mis valores, tal vez demasiado arcaicos, o porque sab\u00eda que all\u00ed presente estaba, que yo supiera, al menos un discapacitado, con el que me era imposible no empatizar en mi inexorable imaginaci\u00f3n. Este hecho marc\u00f3 para m\u00ed el sentido sobre el que la importancia de la obra gira. Me aventuro a realizar la cr\u00edtica de esta pel\u00edcula porque, en primer lugar, ha creado en m\u00ed un conflicto no solo moral, sino de decisi\u00f3n, y sentimientos fuertemente encontrados, y en segundo lugar, porque considero que ha sido bastante sobrevalorada.<\/p>\n<p style=\"text-align: right;\"><strong>Un art\u00edculo de Jorge de Paz Pati\u00f1o<\/strong><\/p>\n<p style=\"text-align: center;\"><a href=\"https:\/\/www.elpuenterojo.es\/wp-content\/uploads\/2019\/02\/Campeones.-Maquetado.pdf\" target=\"_blank\" rel=\"noopener noreferrer\">&nbsp;DESCARGAR EL ART\u00cdCULO COMPLETO EN PDF&nbsp;<\/a><\/p>\n<p style=\"text-align: center;\"><img loading=\"lazy\" decoding=\"async\" width=\"72\" height=\"63\" class=\"alignnone  wp-image-583\" alt=\"\" src=\"https:\/\/www.elpuenterojo.es\/wp-content\/uploads\/2017\/01\/ojo-spoiler-copiar.jpg\"><\/p>\n<h6 style=\"text-align: center;\">(Atenci\u00f3n, el an\u00e1lisis de la pel\u00edcula puede desvelar aspectos relevantes de su argumento)<\/h6>\n<p>&nbsp;<\/p>\n","protected":false},"excerpt":{"rendered":"<p>Un entrenador de baloncesto por orden de un juez tiene que hacerse cargo de un equipo de personas con discapacidad intelectual. Es el pretexto del que parte Javier Fesser para componer una pel\u00edcula junto a un elenco de actores debutantes, con asombrosa capacidad para la interpretaci\u00f3n de los personajes que mejor conocen. <\/p>\n","protected":false},"author":2,"featured_media":1666,"comment_status":"open","ping_status":"closed","sticky":false,"template":"","format":"standard","meta":{"footnotes":""},"categories":[4],"tags":[311,307,310,308,93,309],"class_list":["post-1665","post","type-post","status-publish","format-standard","has-post-thumbnail","hentry","category-analisis","tag-analisis","tag-campeones","tag-critica","tag-javier-fesser","tag-pelicula","tag-premios-goya-2019"],"_links":{"self":[{"href":"https:\/\/www.elpuenterojo.es\/index.php\/wp-json\/wp\/v2\/posts\/1665","targetHints":{"allow":["GET"]}}],"collection":[{"href":"https:\/\/www.elpuenterojo.es\/index.php\/wp-json\/wp\/v2\/posts"}],"about":[{"href":"https:\/\/www.elpuenterojo.es\/index.php\/wp-json\/wp\/v2\/types\/post"}],"author":[{"embeddable":true,"href":"https:\/\/www.elpuenterojo.es\/index.php\/wp-json\/wp\/v2\/users\/2"}],"replies":[{"embeddable":true,"href":"https:\/\/www.elpuenterojo.es\/index.php\/wp-json\/wp\/v2\/comments?post=1665"}],"version-history":[{"count":3,"href":"https:\/\/www.elpuenterojo.es\/index.php\/wp-json\/wp\/v2\/posts\/1665\/revisions"}],"predecessor-version":[{"id":1774,"href":"https:\/\/www.elpuenterojo.es\/index.php\/wp-json\/wp\/v2\/posts\/1665\/revisions\/1774"}],"wp:featuredmedia":[{"embeddable":true,"href":"https:\/\/www.elpuenterojo.es\/index.php\/wp-json\/wp\/v2\/media\/1666"}],"wp:attachment":[{"href":"https:\/\/www.elpuenterojo.es\/index.php\/wp-json\/wp\/v2\/media?parent=1665"}],"wp:term":[{"taxonomy":"category","embeddable":true,"href":"https:\/\/www.elpuenterojo.es\/index.php\/wp-json\/wp\/v2\/categories?post=1665"},{"taxonomy":"post_tag","embeddable":true,"href":"https:\/\/www.elpuenterojo.es\/index.php\/wp-json\/wp\/v2\/tags?post=1665"}],"curies":[{"name":"wp","href":"https:\/\/api.w.org\/{rel}","templated":true}]}}