{"id":1646,"date":"2019-01-27T11:46:39","date_gmt":"2019-01-27T10:46:39","guid":{"rendered":"http:\/\/www.elpuenterojo.es\/?p=1646"},"modified":"2019-05-31T16:13:52","modified_gmt":"2019-05-31T14:13:52","slug":"roma-olvidos-y-recuerdos","status":"publish","type":"post","link":"https:\/\/www.elpuenterojo.es\/index.php\/2019\/01\/27\/roma-olvidos-y-recuerdos\/","title":{"rendered":"\u00abRoma\u00bb, olvidos y recuerdos"},"content":{"rendered":"<p>Dec\u00eda Mario Benedetti, a prop\u00f3sito de su libro <em>Insomnios y duermevelas<\/em>, que \u00abla infancia es un privilegio de la vejez\u00bb. El ni\u00f1o simplemente se deja llevar por su curiosidad y almacena inconscientemente las emociones (los recuerdos que recobran vida y sentido con la madurez) en el desv\u00e1n de la memoria. No ha necesitado sin embargo llegar a viejo Alfonso Cuar\u00f3n para utilizar ese privilegio, adentr\u00e1ndonos en los laberintos de su propia memoria, para el reencuentro con sus emociones m\u00e1s \u00edntimas. Con los paisajes humanos y geogr\u00e1ficos de la barriada de Ciudad de M\u00e9xico, en donde se desarrollaron los primeros a\u00f1os de su vida, al comienzo de la d\u00e9cada de los setenta. De esos recuerdos ha surgido una pel\u00edcula pulcra en el lenguaje, sincera en las emociones, de profunda ra\u00edz mexicana, social y personal, una mirada introspectiva a los personajes, las mujeres (la tata, la madre) que forjaron la identidad de ese ni\u00f1o que a\u00fan parece habitar dentro de la memoria, de la mirada del cineasta.<\/p>\n<p style=\"text-align: center;\"><a href=\"https:\/\/www.elpuenterojo.es\/wp-content\/uploads\/2019\/01\/Roma-1.pdf\" target=\"_blank\" rel=\"noopener noreferrer\">DESCARGAR EL ART\u00cdCULO COMPLETO EN PDF<\/a><\/p>\n<p style=\"text-align: center;\">\n","protected":false},"excerpt":{"rendered":"<p>Roma es una pel\u00edcula sobre la infancia, como lo fue \u00abCinema Paradiso\u00bb, \u00abLos cuatrocientos golpes\u00bb, \u00abLos olvidados\u00bb, \u00abEl limpiabotas\u00bb, \u00abFanny y Alexander\u00bb o \u00abEl esp\u00edritu de la colmena\u00bb\u2026 cada una de las cuales se refiere a personajes, \u00e9pocas y contextos sociales diferentes; pero en todas podemos reconocer, desde la mirada l\u00facida de un cineasta, ese universo com\u00fan, esa patria compartida y universal de la infancia. <\/p>\n","protected":false},"author":2,"featured_media":1647,"comment_status":"open","ping_status":"closed","sticky":false,"template":"","format":"standard","meta":{"footnotes":""},"categories":[4],"tags":[303,306,262,271,304,305,302],"class_list":["post-1646","post","type-post","status-publish","format-standard","has-post-thumbnail","hentry","category-analisis","tag-alfonso-cuaron","tag-analisis-filmico","tag-critica-cinematografica","tag-critica-de-peliculas","tag-infancia","tag-peliculas-del-2018","tag-roma"],"_links":{"self":[{"href":"https:\/\/www.elpuenterojo.es\/index.php\/wp-json\/wp\/v2\/posts\/1646","targetHints":{"allow":["GET"]}}],"collection":[{"href":"https:\/\/www.elpuenterojo.es\/index.php\/wp-json\/wp\/v2\/posts"}],"about":[{"href":"https:\/\/www.elpuenterojo.es\/index.php\/wp-json\/wp\/v2\/types\/post"}],"author":[{"embeddable":true,"href":"https:\/\/www.elpuenterojo.es\/index.php\/wp-json\/wp\/v2\/users\/2"}],"replies":[{"embeddable":true,"href":"https:\/\/www.elpuenterojo.es\/index.php\/wp-json\/wp\/v2\/comments?post=1646"}],"version-history":[{"count":4,"href":"https:\/\/www.elpuenterojo.es\/index.php\/wp-json\/wp\/v2\/posts\/1646\/revisions"}],"predecessor-version":[{"id":1767,"href":"https:\/\/www.elpuenterojo.es\/index.php\/wp-json\/wp\/v2\/posts\/1646\/revisions\/1767"}],"wp:featuredmedia":[{"embeddable":true,"href":"https:\/\/www.elpuenterojo.es\/index.php\/wp-json\/wp\/v2\/media\/1647"}],"wp:attachment":[{"href":"https:\/\/www.elpuenterojo.es\/index.php\/wp-json\/wp\/v2\/media?parent=1646"}],"wp:term":[{"taxonomy":"category","embeddable":true,"href":"https:\/\/www.elpuenterojo.es\/index.php\/wp-json\/wp\/v2\/categories?post=1646"},{"taxonomy":"post_tag","embeddable":true,"href":"https:\/\/www.elpuenterojo.es\/index.php\/wp-json\/wp\/v2\/tags?post=1646"}],"curies":[{"name":"wp","href":"https:\/\/api.w.org\/{rel}","templated":true}]}}