{"id":1555,"date":"2018-10-24T10:27:51","date_gmt":"2018-10-24T08:27:51","guid":{"rendered":"http:\/\/www.elpuenterojo.es\/?p=1555"},"modified":"2019-05-31T16:14:17","modified_gmt":"2019-05-31T14:14:17","slug":"el-reverendo-conciencia-y-culpabilidad","status":"publish","type":"post","link":"https:\/\/www.elpuenterojo.es\/index.php\/2018\/10\/24\/el-reverendo-conciencia-y-culpabilidad\/","title":{"rendered":"\u00abEl reverendo\u00bb, conciencia y culpabilidad"},"content":{"rendered":"<p>Un ex capell\u00e1n military, el reverendo Ernst Toller, expulga su sentido de culpabilidad por la muerte de su hijo en la Guerra de Irak prestando servicios religiosos en la peque\u00f1a parroquia de Snowbridge, cerca de Nueva York, en las fechas en que se va a celebrar el 250 aniversario de su construcci\u00f3n. Buscando su ayuda espiritual acude a \u00e9l la joven Mary, embarazada, que lucha por sacar de la depresi\u00f3n a su marido, Michael, un activista del ecologismo que no desea traer un hijo a un mundo degradado y en descomposici\u00f3n. Con el encuentro entre ambos hombres, dos mentes atribuladas por sus conciencias y su sentido de la culpabilidad entran en conexi\u00f3n, desencadenando una b\u00fasqueda intelectual que el reverendo Toller va escribiendo en su diario, una cr\u00f3nica que misteriosamente nace con una fecha expl\u00edcita de caducidad.<\/p>\n<p style=\"text-align: center;\"><a href=\"https:\/\/www.elpuenterojo.es\/wp-content\/uploads\/2018\/10\/El-reverendo.pdf\" target=\"_blank\" rel=\"noopener noreferrer\"><strong>DESCARGAR EL ART\u00cdCULO COMPLETO EN PDF<\/strong>&nbsp;<\/a><\/p>\n<p style=\"text-align: center;\"><img loading=\"lazy\" decoding=\"async\" width=\"96\" height=\"84\" class=\"alignnone wp-image-583\" alt=\"\" src=\"https:\/\/www.elpuenterojo.es\/wp-content\/uploads\/2017\/01\/ojo-spoiler-copiar.jpg\"><\/p>\n<h5 style=\"text-align: center;\">Atenci\u00f3n, este art\u00edculo desvela en el an\u00e1lisis aspectos relevantes del argumento del film<\/h5>\n","protected":false},"excerpt":{"rendered":"<p>La \u00faltima pel\u00edcula de Paul Schrader aborda el tema del remordimiento y la crisis espiritual de un reverendo de la iglesia evang\u00e9lica, pero trascienda m\u00e1s all\u00e1 del \u00e1mbito personal para cuestionar la degradaci\u00f3n ecol\u00f3gica y moral de la sociedad de nuestros d\u00edas.<\/p>\n","protected":false},"author":2,"featured_media":1570,"comment_status":"open","ping_status":"closed","sticky":false,"template":"","format":"standard","meta":{"footnotes":""},"categories":[4],"tags":[292,126,105,288,291,289,290,293],"class_list":["post-1555","post","type-post","status-publish","format-standard","has-post-thumbnail","hentry","category-analisis","tag-amanda-seyfried","tag-analisis-del-film","tag-el-puente-rojo","tag-el-reverendo","tag-ethan-hawke","tag-first-reformed","tag-paul-schrader","tag-www-elpuenterojo-es"],"_links":{"self":[{"href":"https:\/\/www.elpuenterojo.es\/index.php\/wp-json\/wp\/v2\/posts\/1555","targetHints":{"allow":["GET"]}}],"collection":[{"href":"https:\/\/www.elpuenterojo.es\/index.php\/wp-json\/wp\/v2\/posts"}],"about":[{"href":"https:\/\/www.elpuenterojo.es\/index.php\/wp-json\/wp\/v2\/types\/post"}],"author":[{"embeddable":true,"href":"https:\/\/www.elpuenterojo.es\/index.php\/wp-json\/wp\/v2\/users\/2"}],"replies":[{"embeddable":true,"href":"https:\/\/www.elpuenterojo.es\/index.php\/wp-json\/wp\/v2\/comments?post=1555"}],"version-history":[{"count":4,"href":"https:\/\/www.elpuenterojo.es\/index.php\/wp-json\/wp\/v2\/posts\/1555\/revisions"}],"predecessor-version":[{"id":1768,"href":"https:\/\/www.elpuenterojo.es\/index.php\/wp-json\/wp\/v2\/posts\/1555\/revisions\/1768"}],"wp:featuredmedia":[{"embeddable":true,"href":"https:\/\/www.elpuenterojo.es\/index.php\/wp-json\/wp\/v2\/media\/1570"}],"wp:attachment":[{"href":"https:\/\/www.elpuenterojo.es\/index.php\/wp-json\/wp\/v2\/media?parent=1555"}],"wp:term":[{"taxonomy":"category","embeddable":true,"href":"https:\/\/www.elpuenterojo.es\/index.php\/wp-json\/wp\/v2\/categories?post=1555"},{"taxonomy":"post_tag","embeddable":true,"href":"https:\/\/www.elpuenterojo.es\/index.php\/wp-json\/wp\/v2\/tags?post=1555"}],"curies":[{"name":"wp","href":"https:\/\/api.w.org\/{rel}","templated":true}]}}