{"id":1384,"date":"2018-03-18T01:18:07","date_gmt":"2018-03-18T00:18:07","guid":{"rendered":"http:\/\/www.elpuenterojo.es\/?p=1384"},"modified":"2018-03-18T14:54:15","modified_gmt":"2018-03-18T13:54:15","slug":"comunion-dejados-de-la-mano-de-dios","status":"publish","type":"post","link":"https:\/\/www.elpuenterojo.es\/index.php\/2018\/03\/18\/comunion-dejados-de-la-mano-de-dios\/","title":{"rendered":"Comuni\u00f3n, dejados de la mano de Dios"},"content":{"rendered":"<p>El galardonado como mejor documental del cine europeo del pasado a\u00f1o, firmado por la debutante Anna Zamecka, pulveriza, una vez m\u00e1s, las fronteras entre documental y ficci\u00f3n. Ahondando en territorios que sit\u00faan lo filmado entre el docudrama semi-guionizado y una realidad conmovedora, subjetivamente recreada, escenificada ante la c\u00e1mara con la d\u00factil complicidad de todas las personas que intervienen en \u00e9l, pues todos parecen dispuestos para unificar la mirada de la directora. Sin embargo el retrato humano conseguido tiene tal fuerza que apenas se aprecia artificio alguno, la c\u00e1mara se introduce con fluidez por los peque\u00f1os espacios reducidos y tenemos la sensaci\u00f3n de haber infiltrado nuestra mirada en la intimidad de una familia desestructurada, en un humilde hogar de la Polonia de nuestros d\u00edas, para descubrir la peripecia an\u00f3nima de una ni\u00f1a adolescente de catorce a\u00f1os que nos fascina, nos emociona, en sus intentos de salvar del naufragio a su familia, que se prepara para la comuni\u00f3n de su hermano, un ni\u00f1o autista de trece a\u00f1os. Y sin embargo, en la Polonia profundamente cat\u00f3lica en la que las vidas parecen girar en torno a la religi\u00f3n, es como si Dios se hubiera olvidado de sus criaturas, como si se hubieran desatado todos los lazos de un modelo roto de familia cristiana, desgastado y, parad\u00f3jicamente, atrapado en las tradiciones y las rutinas sociales.<\/p>\n<p style=\"text-align: center;\"><a href=\"https:\/\/www.elpuenterojo.es\/wp-content\/uploads\/2018\/03\/Comuni\u00f3n.pdf\" target=\"_blank\" rel=\"noopener\">LEER \/ DESCARGAR EL ART\u00cdCULO COMPLETO EN PDF\u00a0<\/a><\/p>\n","protected":false},"excerpt":{"rendered":"<p>El documental Komunia, de la joven realizadora polaca Anna Zamecka, (2016) nos muestra la lucha de una adolescente de catorce a\u00f1os por asumir la responsabilidad de mantener los lazos de uni\u00f3n en su desestructurada familia y conseguir que la iglesia acceda a dar la comuni\u00f3n a su hermano peque\u00f1o, enfermo de autismo.<\/p>\n","protected":false},"author":2,"featured_media":1385,"comment_status":"open","ping_status":"closed","sticky":false,"template":"","format":"standard","meta":{"footnotes":""},"categories":[4],"tags":[126,244,243,184,242],"class_list":["post-1384","post","type-post","status-publish","format-standard","has-post-thumbnail","hentry","category-analisis","tag-analisis-del-film","tag-anna-zamecka","tag-comunion","tag-documental","tag-komunia"],"_links":{"self":[{"href":"https:\/\/www.elpuenterojo.es\/index.php\/wp-json\/wp\/v2\/posts\/1384","targetHints":{"allow":["GET"]}}],"collection":[{"href":"https:\/\/www.elpuenterojo.es\/index.php\/wp-json\/wp\/v2\/posts"}],"about":[{"href":"https:\/\/www.elpuenterojo.es\/index.php\/wp-json\/wp\/v2\/types\/post"}],"author":[{"embeddable":true,"href":"https:\/\/www.elpuenterojo.es\/index.php\/wp-json\/wp\/v2\/users\/2"}],"replies":[{"embeddable":true,"href":"https:\/\/www.elpuenterojo.es\/index.php\/wp-json\/wp\/v2\/comments?post=1384"}],"version-history":[{"count":5,"href":"https:\/\/www.elpuenterojo.es\/index.php\/wp-json\/wp\/v2\/posts\/1384\/revisions"}],"predecessor-version":[{"id":1391,"href":"https:\/\/www.elpuenterojo.es\/index.php\/wp-json\/wp\/v2\/posts\/1384\/revisions\/1391"}],"wp:featuredmedia":[{"embeddable":true,"href":"https:\/\/www.elpuenterojo.es\/index.php\/wp-json\/wp\/v2\/media\/1385"}],"wp:attachment":[{"href":"https:\/\/www.elpuenterojo.es\/index.php\/wp-json\/wp\/v2\/media?parent=1384"}],"wp:term":[{"taxonomy":"category","embeddable":true,"href":"https:\/\/www.elpuenterojo.es\/index.php\/wp-json\/wp\/v2\/categories?post=1384"},{"taxonomy":"post_tag","embeddable":true,"href":"https:\/\/www.elpuenterojo.es\/index.php\/wp-json\/wp\/v2\/tags?post=1384"}],"curies":[{"name":"wp","href":"https:\/\/api.w.org\/{rel}","templated":true}]}}