{"id":1338,"date":"2017-02-16T17:11:09","date_gmt":"2017-02-16T16:11:09","guid":{"rendered":"http:\/\/www.elpuenterojo.es\/?p=1338"},"modified":"2025-09-24T17:34:32","modified_gmt":"2025-09-24T15:34:32","slug":"el-65-festival-de-san-sebastian-y-el-cine-que-nos-viene","status":"publish","type":"post","link":"https:\/\/www.elpuenterojo.es\/index.php\/2017\/02\/16\/el-65-festival-de-san-sebastian-y-el-cine-que-nos-viene\/","title":{"rendered":"El 65 Festival de San Sebasti\u00e1n y el cine que nos viene\u2026"},"content":{"rendered":"<p>Una vez m\u00e1s, San Sebasti\u00e1n ha mostrado su liderazgo, su presencia internacional y su influencia sobre las tendencias que marcan la nueva cinematograf\u00eda. Una excelente selecci\u00f3n de pel\u00edculas, criticada por algunos como no podr\u00eda ser de otra manera (esto es com\u00fan a todos los grandes cert\u00e1menes internacionales, siempre en el punto de mira de quienes pretenden situar su propia especializaci\u00f3n por encima de la de quienes hacen la compleja labor de programaci\u00f3n en los cert\u00e1menes) A partir de un cierto nivel, nada que decir sobre las opiniones personales, cada cual se acredita y se define por sus propias palabras. Pero sus 66 a\u00f1os de trayectoria tienen su peso espec\u00edfico y son el mejor aval de un festival que goza de buena salud y sigue siendo la m\u00e1s sugerente cita anual para aproximarnos \u201cal cine que nos viene\u201d.<\/p>\n<p style=\"text-align: center;\"><a href=\"https:\/\/www.elpuenterojo.es\/wp-content\/uploads\/2018\/02\/El-festival-de-San-Sebasti\u00e1n-y-el-cine-que-nos-viene-corregido-y-completo-ilovepdf-compressed.pdf\" target=\"_blank\" rel=\"noopener\">DESCARGAR ART\u00cdCULO COMPLETO EN PDF<\/a><\/p>\n","protected":false},"excerpt":{"rendered":"<p>Con la m\u00ednima perspectiva de un trimestre, al finalizar el a\u00f1o 2017 y al hacer un peque\u00f1o an\u00e1lisis sobre el panorama audiovisual del a\u00f1o pasado, es oportuno rese\u00f1ar algunos t\u00edtulos que han marcado la \u00faltima edici\u00f3n del certamen y que est\u00e1n teniendo amplia proyecci\u00f3n en salas, cr\u00edtica y p\u00fablico en el momento actual, al iniciarse un nuevo ejercicio, cuando ya nos encaminamos hacia una nueva edici\u00f3n del festival. <\/p>\n","protected":false},"author":2,"featured_media":1340,"comment_status":"open","ping_status":"closed","sticky":false,"template":"","format":"standard","meta":{"footnotes":""},"categories":[488],"tags":[],"class_list":["post-1338","post","type-post","status-publish","format-standard","has-post-thumbnail","hentry","category-archivo-articulos"],"_links":{"self":[{"href":"https:\/\/www.elpuenterojo.es\/index.php\/wp-json\/wp\/v2\/posts\/1338","targetHints":{"allow":["GET"]}}],"collection":[{"href":"https:\/\/www.elpuenterojo.es\/index.php\/wp-json\/wp\/v2\/posts"}],"about":[{"href":"https:\/\/www.elpuenterojo.es\/index.php\/wp-json\/wp\/v2\/types\/post"}],"author":[{"embeddable":true,"href":"https:\/\/www.elpuenterojo.es\/index.php\/wp-json\/wp\/v2\/users\/2"}],"replies":[{"embeddable":true,"href":"https:\/\/www.elpuenterojo.es\/index.php\/wp-json\/wp\/v2\/comments?post=1338"}],"version-history":[{"count":1,"href":"https:\/\/www.elpuenterojo.es\/index.php\/wp-json\/wp\/v2\/posts\/1338\/revisions"}],"predecessor-version":[{"id":1342,"href":"https:\/\/www.elpuenterojo.es\/index.php\/wp-json\/wp\/v2\/posts\/1338\/revisions\/1342"}],"wp:featuredmedia":[{"embeddable":true,"href":"https:\/\/www.elpuenterojo.es\/index.php\/wp-json\/wp\/v2\/media\/1340"}],"wp:attachment":[{"href":"https:\/\/www.elpuenterojo.es\/index.php\/wp-json\/wp\/v2\/media?parent=1338"}],"wp:term":[{"taxonomy":"category","embeddable":true,"href":"https:\/\/www.elpuenterojo.es\/index.php\/wp-json\/wp\/v2\/categories?post=1338"},{"taxonomy":"post_tag","embeddable":true,"href":"https:\/\/www.elpuenterojo.es\/index.php\/wp-json\/wp\/v2\/tags?post=1338"}],"curies":[{"name":"wp","href":"https:\/\/api.w.org\/{rel}","templated":true}]}}