{"id":1290,"date":"2018-02-01T12:05:35","date_gmt":"2018-02-01T11:05:35","guid":{"rendered":"http:\/\/www.elpuenterojo.es\/?p=1290"},"modified":"2025-09-26T12:43:37","modified_gmt":"2025-09-26T10:43:37","slug":"los-archivos-del-pentagono-la-dialectica-poder-prensa","status":"publish","type":"post","link":"https:\/\/www.elpuenterojo.es\/index.php\/2018\/02\/01\/los-archivos-del-pentagono-la-dialectica-poder-prensa\/","title":{"rendered":"Los archivos del Pent\u00e1gono, la dial\u00e9ctica poder-prensa"},"content":{"rendered":"<p>Hubo un tiempo, no hace tanto, en que las noticias relevantes se publicaban en las primeras p\u00e1ginas de los peri\u00f3dicos. Hubo un tiempo sin <em>tuits<\/em> ni <em>influencers<\/em>, sin tertulianos siquiera. Hubo un tiempo en que los periodistas, al cierre de su jornada, esperaban, ansiosos y preocupados, a que llegaran los primeros ejemplares de la competencia para ver si hab\u00edan ganado en la batalla por ser los primeros y los mejores o si, al contrario, el rival se adelantaba con una exclusiva. La reciente pel\u00edcula de Steven Spielberg <em>Los Archivos del Pent\u00e1gono<\/em> habla de ese mundo antiguo y se adentra en las relaciones, siempre conflictivas, entre el poder y los medios de comunicaci\u00f3n. Cuenta un hecho hist\u00f3rico, la publicaci\u00f3n de los documentos confidenciales que destapaban las mentiras con que los gobiernos de Estados Unidos, desde Truman a Johnson, hab\u00edan ocultado su implicaci\u00f3n en la guerra de Vietnam. Pero, al tiempo, es una pel\u00edcula que aborda un tema de nuestros d\u00edas, porque hoy, como siempre, el poder huye de las preguntas inc\u00f3modas y quiere transformar la realidad en mera propaganda.<\/p>\n<p style=\"text-align: right;\"><strong>Un art\u00edculo de Juan Manuel Fern\u00e1ndez<\/strong><\/p>\n<p style=\"text-align: center;\"><a href=\"https:\/\/www.elpuenterojo.es\/wp-content\/uploads\/2018\/02\/PENTAGONO-EDITADO.pdf\" target=\"_blank\" rel=\"noopener\">DESCARGAR EL ART\u00cdCULO COMPLETO EN PDF\u00a0<\/a><\/p>\n","protected":false},"excerpt":{"rendered":"<p>El estreno y la repercusi\u00f3n internacional de la pel\u00edcula \u00abThe Post\u00bb (Los Archivos del Pent\u00e1gono), nos ofrece la posibilidad de reflexionar sobre un tema de permanente actualidad: la dial\u00e9ctica entre el poder y la prensa, antes y ahora. Una visi\u00f3n desde la historia del periodismo, complementaria al an\u00e1lisis f\u00edlmico. <\/p>\n","protected":false},"author":2,"featured_media":1295,"comment_status":"open","ping_status":"closed","sticky":false,"template":"","format":"standard","meta":{"footnotes":""},"categories":[4],"tags":[126,9,228,231,229,227,230],"class_list":["post-1290","post","type-post","status-publish","format-standard","has-post-thumbnail","hentry","category-analisis","tag-analisis-del-film","tag-cine-por-la-paz","tag-los-archivos-del-pentagono","tag-meryl-streep","tag-steven-spielberg","tag-the-post","tag-tom-hanks"],"_links":{"self":[{"href":"https:\/\/www.elpuenterojo.es\/index.php\/wp-json\/wp\/v2\/posts\/1290","targetHints":{"allow":["GET"]}}],"collection":[{"href":"https:\/\/www.elpuenterojo.es\/index.php\/wp-json\/wp\/v2\/posts"}],"about":[{"href":"https:\/\/www.elpuenterojo.es\/index.php\/wp-json\/wp\/v2\/types\/post"}],"author":[{"embeddable":true,"href":"https:\/\/www.elpuenterojo.es\/index.php\/wp-json\/wp\/v2\/users\/2"}],"replies":[{"embeddable":true,"href":"https:\/\/www.elpuenterojo.es\/index.php\/wp-json\/wp\/v2\/comments?post=1290"}],"version-history":[{"count":1,"href":"https:\/\/www.elpuenterojo.es\/index.php\/wp-json\/wp\/v2\/posts\/1290\/revisions"}],"predecessor-version":[{"id":1293,"href":"https:\/\/www.elpuenterojo.es\/index.php\/wp-json\/wp\/v2\/posts\/1290\/revisions\/1293"}],"wp:featuredmedia":[{"embeddable":true,"href":"https:\/\/www.elpuenterojo.es\/index.php\/wp-json\/wp\/v2\/media\/1295"}],"wp:attachment":[{"href":"https:\/\/www.elpuenterojo.es\/index.php\/wp-json\/wp\/v2\/media?parent=1290"}],"wp:term":[{"taxonomy":"category","embeddable":true,"href":"https:\/\/www.elpuenterojo.es\/index.php\/wp-json\/wp\/v2\/categories?post=1290"},{"taxonomy":"post_tag","embeddable":true,"href":"https:\/\/www.elpuenterojo.es\/index.php\/wp-json\/wp\/v2\/tags?post=1290"}],"curies":[{"name":"wp","href":"https:\/\/api.w.org\/{rel}","templated":true}]}}